{"id":11137,"date":"2026-09-02T15:20:30","date_gmt":"2026-09-02T21:20:30","guid":{"rendered":"https:\/\/aguilasalporvenir.com\/?p=11137"},"modified":"2026-09-02T15:20:30","modified_gmt":"2026-09-02T21:20:30","slug":"coordina-imss-via-cvoed-traslado-aereo-de-bebe-de-50-dias-desde-coahuila-a-jalisco-para-recibir-cirugia-especializada","status":"publish","type":"post","link":"https:\/\/aguilasalporvenir.com\/index.php\/2026\/09\/02\/coordina-imss-via-cvoed-traslado-aereo-de-bebe-de-50-dias-desde-coahuila-a-jalisco-para-recibir-cirugia-especializada\/","title":{"rendered":"Coordina IMSS v\u00eda CVOED traslado a\u00e9reo de beb\u00e9 de 50 d\u00edas desde Coahuila a Jalisco para recibir cirug\u00eda especializada"},"content":{"rendered":"<div class=\"panel-pane pane-entity-field pane-node-body block-noticias pane-plain-box-temporary-0e535a733dd8a993b7e5ca0e8c8eef0c\">\n<div class=\"pane-content\">\n<div class=\"field field-name-body field-type-text-with-summary field-label-hidden\">\n<div class=\"field-items\">\n<div class=\"field-item even\">\n<ul>\n<li>La reci\u00e9n nacida presentaba un quiste lar\u00edngeo que obstru\u00eda 70 por ciento de su v\u00eda a\u00e9rea; tras recibir atenci\u00f3n m\u00e9dico-quir\u00fargica especializada evolucion\u00f3 favorablemente y pudo regresar a su estado.<\/li>\n<\/ul>\n<\/div>\n<\/div>\n<\/div>\n<\/div>\n<\/div>\n<div class=\"panel-separator\"><\/div>\n<div class=\"panel-pane pane-entity-field pane-node-body block-noticias-cuerpo\">\n<div class=\"pane-content\">\n<div class=\"field field-name-body field-type-text-with-summary field-label-hidden\">\n<div class=\"field-items\">\n<div class=\"field-item even\">\n<p>Una beb\u00e9 de 50 d\u00edas de nacida fue trasladada desde Torre\u00f3n, Coahuila, hasta la Unidad M\u00e9dica de Alta Especialidad (UMAE) Hospital de Pediatr\u00eda del Instituto Mexicano del Seguro Social (IMSS) en Jalisco, mediante una operaci\u00f3n coordinada por la dependencia para recibir atenci\u00f3n especializada, debido a un quiste lar\u00edngeo que compromet\u00eda 70 por ciento de su v\u00eda a\u00e9rea.<\/p>\n<p>El director del nosocomio, doctor Carlos Francisco Moreno Valencia, explic\u00f3 que la menor naci\u00f3 de manera prematura, a las 34 semanas de gestaci\u00f3n, y desde su nacimiento present\u00f3 dificultad respiratoria que requiri\u00f3 manejo avanzado de la v\u00eda a\u00e9rea.<\/p>\n<p>Indic\u00f3 que una broncoscopia permiti\u00f3 identificar un quiste lar\u00edngeo en la banda ventricular derecha que obstru\u00eda 70 por ciento del espacio gl\u00f3tico, por lo que se determin\u00f3 su env\u00edo a Jalisco para recibir manejo integral por los servicios de Otorrinolaringolog\u00eda Pedi\u00e1trica y Neumolog\u00eda Pedi\u00e1trica.<\/p>\n<p>Inform\u00f3 que la paciente fue trasladada el 19 de agosto en ambulancia a\u00e9rea hasta Guadalajara. La movilizaci\u00f3n fue coordinada a trav\u00e9s del Centro Virtual de Operaciones en Emergencias y Desastres (CVOED) del IMSS, sistema que funciona las 24 horas, los 365 d\u00edas del a\u00f1o, y permite gestionar en tiempo real el traslado de pacientes cr\u00edticos entre unidades m\u00e9dicas del pa\u00eds.<\/p>\n<p>En el Hospital de Pediatr\u00eda, ubicado en el Centro M\u00e9dico Nacional de Occidente (CMNO), el equipo multidisciplinario realiz\u00f3 el 21 de agosto la cirug\u00eda para retirar el quiste lar\u00edngeo. Debido a las condiciones cl\u00ednicas favorables posteriores al procedimiento, la beb\u00e9 fue dada de alta el 27 de agosto.<\/p>\n<p>La se\u00f1ora Minerva, madre de la menor, expres\u00f3 su satisfacci\u00f3n y agradecimiento por la rapidez con la que su hija recibi\u00f3 atenci\u00f3n, desde la coordinaci\u00f3n de su traslado en Torre\u00f3n hasta la intervenci\u00f3n especializada realizada en Jalisco. Destac\u00f3 particularmente el acompa\u00f1amiento recibido durante un proceso que comenz\u00f3 cuando su beb\u00e9 ten\u00eda apenas unos d\u00edas de nacida.<\/p>\n<p>Una vez que las condiciones de la paciente permitieron su retorno, el IMSS coordin\u00f3 nuevamente su traslado mediante ambulancia a\u00e9rea hacia Coahuila, con participaci\u00f3n de la UMAE Hospital de Pediatr\u00eda, el CVOED y la representaci\u00f3n del Instituto en esa entidad, operaci\u00f3n que se realiz\u00f3 sin contratiempos.<\/p>\n<p>Moreno Valencia destac\u00f3 que este caso refleja la capacidad del Seguro Social para articular atenci\u00f3n especializada y traslados entre entidades cuando la condici\u00f3n de un paciente as\u00ed lo requiere, con el objetivo de garantizar continuidad, oportunidad e integralidad en la atenci\u00f3n.<\/p>\n<\/div>\n<\/div>\n<\/div>\n<\/div>\n<\/div>\n","protected":false},"excerpt":{"rendered":"<p>La reci\u00e9n nacida presentaba un quiste lar\u00edngeo que obstru\u00eda 70 por ciento de su v\u00eda a\u00e9rea; tras recibir atenci\u00f3n m\u00e9dico-quir\u00fargica especializada evolucion\u00f3 favorablemente y pudo regresar a su estado. Una beb\u00e9 de 50 d\u00edas de nacida fue trasladada desde Torre\u00f3n, Coahuila, hasta la Unidad M\u00e9dica de Alta Especialidad (UMAE) Hospital de Pediatr\u00eda del Instituto Mexicano [&hellip;]<\/p>\n","protected":false},"author":1,"featured_media":11143,"comment_status":"open","ping_status":"open","sticky":false,"template":"","format":"standard","meta":{"_jetpack_memberships_contains_paid_content":false,"footnotes":""},"categories":[1],"tags":[],"class_list":["post-11137","post","type-post","status-publish","format-standard","has-post-thumbnail","hentry","category-blog"],"blocksy_meta":{"styles_descriptor":{"styles":{"desktop":"","tablet":"","mobile":""},"google_fonts":[],"version":7}},"jetpack_featured_media_url":"https:\/\/aguilasalporvenir.com\/wp-content\/uploads\/2026\/09\/9DE885D3-62A9-48CB-957D-BF030DC1F8B2.png","jetpack_shortlink":"https:\/\/wp.me\/pfR71O-2TD","jetpack_sharing_enabled":true,"_links":{"self":[{"href":"https:\/\/aguilasalporvenir.com\/index.php\/wp-json\/wp\/v2\/posts\/11137"}],"collection":[{"href":"https:\/\/aguilasalporvenir.com\/index.php\/wp-json\/wp\/v2\/posts"}],"about":[{"href":"https:\/\/aguilasalporvenir.com\/index.php\/wp-json\/wp\/v2\/types\/post"}],"author":[{"embeddable":true,"href":"https:\/\/aguilasalporvenir.com\/index.php\/wp-json\/wp\/v2\/users\/1"}],"replies":[{"embeddable":true,"href":"https:\/\/aguilasalporvenir.com\/index.php\/wp-json\/wp\/v2\/comments?post=11137"}],"version-history":[{"count":1,"href":"https:\/\/aguilasalporvenir.com\/index.php\/wp-json\/wp\/v2\/posts\/11137\/revisions"}],"predecessor-version":[{"id":11144,"href":"https:\/\/aguilasalporvenir.com\/index.php\/wp-json\/wp\/v2\/posts\/11137\/revisions\/11144"}],"wp:featuredmedia":[{"embeddable":true,"href":"https:\/\/aguilasalporvenir.com\/index.php\/wp-json\/wp\/v2\/media\/11143"}],"wp:attachment":[{"href":"https:\/\/aguilasalporvenir.com\/index.php\/wp-json\/wp\/v2\/media?parent=11137"}],"wp:term":[{"taxonomy":"category","embeddable":true,"href":"https:\/\/aguilasalporvenir.com\/index.php\/wp-json\/wp\/v2\/categories?post=11137"},{"taxonomy":"post_tag","embeddable":true,"href":"https:\/\/aguilasalporvenir.com\/index.php\/wp-json\/wp\/v2\/tags?post=11137"}],"curies":[{"name":"wp","href":"https:\/\/api.w.org\/{rel}","templated":true}]}}