{"id":11169,"date":"2026-09-04T13:44:23","date_gmt":"2026-09-04T19:44:23","guid":{"rendered":"https:\/\/aguilasalporvenir.com\/?p=11169"},"modified":"2026-09-04T13:44:23","modified_gmt":"2026-09-04T19:44:23","slug":"impulsa-imss-capacitacion-medica-para-promover-la-fotoproteccion-y-el-cuidado-de-la-piel-desde-la-infancia","status":"publish","type":"post","link":"https:\/\/aguilasalporvenir.com\/index.php\/2026\/09\/04\/impulsa-imss-capacitacion-medica-para-promover-la-fotoproteccion-y-el-cuidado-de-la-piel-desde-la-infancia\/","title":{"rendered":"Impulsa IMSS capacitaci\u00f3n m\u00e9dica para promover la fotoprotecci\u00f3n y el cuidado de la piel desde la infancia"},"content":{"rendered":"<div class=\"panel-pane pane-entity-field pane-node-body block-noticias pane-plain-box-temporary-0e535a733dd8a993b7e5ca0e8c8eef0c\">\n<div class=\"pane-content\">\n<div class=\"field field-name-body field-type-text-with-summary field-label-hidden\">\n<div class=\"field-items\">\n<div class=\"field-item even\">\n<ul>\n<li>El Taller de Fotoprotecci\u00f3n reuni\u00f3 a m\u00e9dicos del Hospital General del CMN La Raza, entre personal de base, residentes de Pediatr\u00eda, Dermatolog\u00eda Adultos y otras especialidades.<\/li>\n<\/ul>\n<\/div>\n<\/div>\n<\/div>\n<\/div>\n<\/div>\n<div class=\"panel-separator\"><\/div>\n<div class=\"panel-pane pane-entity-field pane-node-body block-noticias-cuerpo\">\n<div class=\"pane-content\">\n<div class=\"field field-name-body field-type-text-with-summary field-label-hidden\">\n<div class=\"field-items\">\n<div class=\"field-item even\">\n<ul>\n<li>\u00a0La actividad acad\u00e9mica y de acciones preventivas permiti\u00f3 actualizar conocimientos sobre fotoprotecci\u00f3n y la identificaci\u00f3n oportuna de lesiones pigmentadas.<\/li>\n<\/ul>\n<p>Para fortalecer la capacitaci\u00f3n de personal m\u00e9dico del Instituto Mexicano del Seguro Social (IMSS) en materia de prevenci\u00f3n y cuidado de la piel durante la edad pedi\u00e1trica, 85 m\u00e9dicos del Hospital General del Centro M\u00e9dico Nacional (CMN) La Raza participaron en el Taller de Fotoprotecci\u00f3n, actividad acad\u00e9mica que a\u00f1o con a\u00f1o promueve acciones preventivas para el cuidado de la piel en la edad pedi\u00e1trica.<\/p>\n<p>El encuentro estuvo dirigido a m\u00e9dicos de base y de primer contacto, as\u00ed como a residentes de diversas especialidades, entre ellas Pediatr\u00eda Dermatol\u00f3gica, Medicina Interna y Alergolog\u00eda.<\/p>\n<p>La doctora Nanette Alc\u00e1ntara Sol\u00eds, jefa del Departamento de Dermatolog\u00eda Pedi\u00e1trica del Hospital General del CMN La Raza, destac\u00f3 que entre 50 y 80 por ciento del da\u00f1o inducido por la radiaci\u00f3n solar se recibe antes de los 18 a\u00f1os, por lo que la infancia es una etapa prioritaria para establecer h\u00e1bitos de protecci\u00f3n.<\/p>\n<p>Durante su conferencia \u201cFotoprotecci\u00f3n y abordaje diagn\u00f3stico de lesiones pigmentadas\u201d, explic\u00f3 que la protecci\u00f3n frente a la radiaci\u00f3n ultravioleta debe combinar medidas t\u00f3picas, f\u00edsicas y conductuales, como utilizar ropa protectora, sombreros de ala ancha, lentes con filtro ultravioleta, permanecer bajo sombra y evitar la exposici\u00f3n solar en las horas de mayor intensidad.<\/p>\n<p>Precis\u00f3 que los menores de seis meses no deben exponerse directamente al sol y, cuando sea necesario salir, deben privilegiarse la sombra, ropa protectora y accesorios adecuados. En mayores de seis meses recomend\u00f3 utilizar protectores solares minerales en las zonas expuestas.<\/p>\n<p>Destac\u00f3 que la prevenci\u00f3n debe involucrar al personal de salud, padres, cuidadores y escuelas; particularmente, el personal m\u00e9dico de primer contacto es fundamental para detectar oportunamente alteraciones de la piel y orientar a las familias sobre las principales medidas preventivas.<\/p>\n<p>Durante el taller, la doctora Alc\u00e1ntara Sol\u00eds abord\u00f3 adem\u00e1s la identificaci\u00f3n de lesiones pigmentadas que requieren valoraci\u00f3n m\u00e9dica. Explic\u00f3 que debe prestarse atenci\u00f3n a lesiones que cambian de forma, tama\u00f1o o color, presentan elevaci\u00f3n, crecimiento progresivo, ulceraci\u00f3n, sangrado, comez\u00f3n o dolor, as\u00ed como aquellas que aparecen de manera reciente.<\/p>\n<p>Por su parte, la doctora Adriana Mar\u00eda Valencia Herrera, especialista en Dermatolog\u00eda Pedi\u00e1trica en el Hospital Infantil de M\u00e9xico \u201cFederico G\u00f3mez\u201d, explic\u00f3 que la piel infantil presenta caracter\u00edsticas estructurales que la hacen m\u00e1s susceptible al da\u00f1o por radiaci\u00f3n ultravioleta.<\/p>\n<p>Se\u00f1al\u00f3 que una quemadura solar durante la infancia puede tener consecuencias a largo plazo y record\u00f3 que un an\u00e1lisis de 51 estudios encontr\u00f3 que el antecedente de una quemadura solar en esta etapa incrementa casi al doble el riesgo de desarrollar melanoma.<\/p>\n<p>Indic\u00f3 que la protecci\u00f3n no depende \u00fanicamente de los productos aplicados sobre la piel, por lo que recomend\u00f3 utilizar ropa de tejido cerrado, preferentemente de fibras sint\u00e9ticas y colores oscuros, as\u00ed como prendas con factor de protecci\u00f3n ultravioleta (UPF); los textiles con UPF 40 a 50+ bloquean entre 97.5 y m\u00e1s de 98 por ciento de la radiaci\u00f3n ultravioleta.<\/p>\n<p>Tambi\u00e9n explic\u00f3 que el factor de protecci\u00f3n solar depende, entre otros elementos, de la cantidad aplicada, frecuencia de reaplicaci\u00f3n, sudoraci\u00f3n, contacto con el agua y composici\u00f3n de la f\u00f3rmula. Recomend\u00f3 utilizar productos de amplio espectro, con factor de protecci\u00f3n solar (FPs) de al menos 30, resistentes al agua y al sudor, y aplicarlos en cantidad adecuada.<\/p>\n<p>Finalmente, las especialistas enfatizaron que convertir estas acciones en un h\u00e1bito desde la infancia contribuye a disminuir el da\u00f1o acumulado en la piel, el desarrollo de lesiones malignas y precancerosas, as\u00ed como el fotoenvejecimiento y otros efectos asociados con la exposici\u00f3n a radiaci\u00f3n ultravioleta.<\/p>\n<\/div>\n<\/div>\n<\/div>\n<\/div>\n<\/div>\n","protected":false},"excerpt":{"rendered":"<p>El Taller de Fotoprotecci\u00f3n reuni\u00f3 a m\u00e9dicos del Hospital General del CMN La Raza, entre personal de base, residentes de Pediatr\u00eda, Dermatolog\u00eda Adultos y otras especialidades. \u00a0La actividad acad\u00e9mica y de acciones preventivas permiti\u00f3 actualizar conocimientos sobre fotoprotecci\u00f3n y la identificaci\u00f3n oportuna de lesiones pigmentadas. Para fortalecer la capacitaci\u00f3n de personal m\u00e9dico del Instituto Mexicano [&hellip;]<\/p>\n","protected":false},"author":1,"featured_media":11170,"comment_status":"open","ping_status":"open","sticky":false,"template":"","format":"standard","meta":{"_jetpack_memberships_contains_paid_content":false,"footnotes":""},"categories":[1],"tags":[],"class_list":["post-11169","post","type-post","status-publish","format-standard","has-post-thumbnail","hentry","category-blog"],"blocksy_meta":{"styles_descriptor":{"styles":{"desktop":"","tablet":"","mobile":""},"google_fonts":[],"version":8}},"jetpack_featured_media_url":"https:\/\/aguilasalporvenir.com\/wp-content\/uploads\/2026\/09\/4C9EDE1E-BCF7-47E4-AB19-135073F67E74.png","jetpack_shortlink":"https:\/\/wp.me\/pfR71O-2U9","jetpack_sharing_enabled":true,"_links":{"self":[{"href":"https:\/\/aguilasalporvenir.com\/index.php\/wp-json\/wp\/v2\/posts\/11169"}],"collection":[{"href":"https:\/\/aguilasalporvenir.com\/index.php\/wp-json\/wp\/v2\/posts"}],"about":[{"href":"https:\/\/aguilasalporvenir.com\/index.php\/wp-json\/wp\/v2\/types\/post"}],"author":[{"embeddable":true,"href":"https:\/\/aguilasalporvenir.com\/index.php\/wp-json\/wp\/v2\/users\/1"}],"replies":[{"embeddable":true,"href":"https:\/\/aguilasalporvenir.com\/index.php\/wp-json\/wp\/v2\/comments?post=11169"}],"version-history":[{"count":1,"href":"https:\/\/aguilasalporvenir.com\/index.php\/wp-json\/wp\/v2\/posts\/11169\/revisions"}],"predecessor-version":[{"id":11171,"href":"https:\/\/aguilasalporvenir.com\/index.php\/wp-json\/wp\/v2\/posts\/11169\/revisions\/11171"}],"wp:featuredmedia":[{"embeddable":true,"href":"https:\/\/aguilasalporvenir.com\/index.php\/wp-json\/wp\/v2\/media\/11170"}],"wp:attachment":[{"href":"https:\/\/aguilasalporvenir.com\/index.php\/wp-json\/wp\/v2\/media?parent=11169"}],"wp:term":[{"taxonomy":"category","embeddable":true,"href":"https:\/\/aguilasalporvenir.com\/index.php\/wp-json\/wp\/v2\/categories?post=11169"},{"taxonomy":"post_tag","embeddable":true,"href":"https:\/\/aguilasalporvenir.com\/index.php\/wp-json\/wp\/v2\/tags?post=11169"}],"curies":[{"name":"wp","href":"https:\/\/api.w.org\/{rel}","templated":true}]}}