{"id":9328,"date":"2026-04-24T08:45:50","date_gmt":"2026-04-24T14:45:50","guid":{"rendered":"https:\/\/aguilasalporvenir.com\/?p=9328"},"modified":"2026-04-24T08:45:50","modified_gmt":"2026-04-24T14:45:50","slug":"instituto-nacional-de-rehabilitacion-lanza-curso-sobre-nutricion-para-la-atencion-de-enfermedades-cronicas-no-transmisibles","status":"publish","type":"post","link":"https:\/\/aguilasalporvenir.com\/index.php\/2026\/04\/24\/instituto-nacional-de-rehabilitacion-lanza-curso-sobre-nutricion-para-la-atencion-de-enfermedades-cronicas-no-transmisibles\/","title":{"rendered":"Instituto Nacional de Rehabilitaci\u00f3n lanza curso sobre nutrici\u00f3n para la atenci\u00f3n de enfermedades cr\u00f3nicas no transmisibles"},"content":{"rendered":"<ul>\n<li><strong>El curso se llevar\u00e1 a cabo el 21 y 22 de mayo y promueve un enfoque multidisciplinario que integra nutrici\u00f3n, ejercicio y salud mental para mejorar la atenci\u00f3n de estos padecimientos.<\/strong><\/li>\n<\/ul>\n<p>El Instituto Nacional de Rehabilitaci\u00f3n \u201cLuis Guillermo Ibarra Ibarra\u201d (INRLGII) realizar\u00e1 el curso de educaci\u00f3n continua Nutrici\u00f3n Basada en Evidencia: Atenci\u00f3n Integral en Enfermedades Cr\u00f3nicas no Transmisibles, de la cl\u00ednica al entorno del paciente, con el objetivo de actualizar al personal de salud en el abordaje integral de estos padecimientos.<\/p>\n<p>La m\u00e9dica adscrita a la Divisi\u00f3n de Medicina del Deporte, Sandra Hern\u00e1ndez Valencia, inform\u00f3 que el curso se llevar\u00e1 a cabo los d\u00edas 21 y 22 de mayo de 2026, en modalidad presencial y virtual, y est\u00e1 dirigido a m\u00e9dicos, residentes, nutri\u00f3logos, psic\u00f3logos y personal param\u00e9dico.<\/p>\n<p>Explic\u00f3 que el prop\u00f3sito es fortalecer el abordaje multidisciplinario de las enfermedades cr\u00f3nicas no transmisibles mediante la incorporaci\u00f3n de herramientas basadas en evidencia cient\u00edfica, considerando factores cl\u00ednicos, sociales y emocionales que impactan la salud de los pacientes.<\/p>\n<p>El programa acad\u00e9mico incluir\u00e1 temas como la epidemiolog\u00eda de estas enfermedades en M\u00e9xico; la relaci\u00f3n entre az\u00facar, edulcorantes y adicci\u00f3n a la comida desde la neurociencia; los entornos alimentarios y su impacto en la adherencia terap\u00e9utica; el consumo de productos ultraprocesados; la educaci\u00f3n en diabetes; as\u00ed como el an\u00e1lisis del pesocentrismo y la importancia de abordar la salud m\u00e1s all\u00e1 del peso corporal.<\/p>\n<p>La jefa de la Divisi\u00f3n de Medicina del Deporte se\u00f1al\u00f3 que esta \u00e1rea se especializa en la prevenci\u00f3n, diagn\u00f3stico, tratamiento y rehabilitaci\u00f3n de lesiones deportivas, as\u00ed como en la optimizaci\u00f3n del rendimiento f\u00edsico, a trav\u00e9s de un enfoque integral que incluye valoraci\u00f3n funcional, nutrici\u00f3n, psicolog\u00eda deportiva y acondicionamiento f\u00edsico.<\/p>\n<p>Destac\u00f3 que en esta Divisi\u00f3n tambi\u00e9n se brinda atenci\u00f3n a personas con enfermedades cr\u00f3nicas no transmisibles como obesidad, diabetes y s\u00edndrome metab\u00f3lico, quienes requieren un manejo integral centrado en la modificaci\u00f3n del estilo de vida. Subray\u00f3 que estos padecimientos no dependen \u00fanicamente de la voluntad individual, sino tambi\u00e9n de factores sociales, psicol\u00f3gicos y del entorno, que influyen directamente en la adherencia a los tratamientos nutricionales, farmacol\u00f3gicos y de actividad f\u00edsica.<\/p>\n<p>La especialista resalt\u00f3 que la Divisi\u00f3n atiende a m\u00e1s de 17 mil pacientes al a\u00f1o; tan solo en el \u00e1rea de nutrici\u00f3n se otorgan alrededor de mil 800 consultas, en su mayor\u00eda a pacientes con condiciones complejas que requieren acompa\u00f1amiento continuo.<\/p>\n<p>Finalmente, se\u00f1al\u00f3 que la prescripci\u00f3n de ejercicio seguro, el apoyo psicol\u00f3gico y la nutrici\u00f3n basada en evidencia son pilares fundamentales para mejorar los desenlaces en salud, al garantizar intervenciones seguras, eficaces y personalizadas que integran la mejor informaci\u00f3n cient\u00edfica disponible con la experiencia cl\u00ednica y las necesidades de cada paciente.<\/p>\n","protected":false},"excerpt":{"rendered":"<p>El curso se llevar\u00e1 a cabo el 21 y 22 de mayo y promueve un enfoque multidisciplinario que integra nutrici\u00f3n, ejercicio y salud mental para mejorar la atenci\u00f3n de estos padecimientos. El Instituto Nacional de Rehabilitaci\u00f3n \u201cLuis Guillermo Ibarra Ibarra\u201d (INRLGII) realizar\u00e1 el curso de educaci\u00f3n continua Nutrici\u00f3n Basada en Evidencia: Atenci\u00f3n Integral en Enfermedades [&hellip;]<\/p>\n","protected":false},"author":1,"featured_media":9329,"comment_status":"open","ping_status":"open","sticky":false,"template":"","format":"standard","meta":{"_jetpack_memberships_contains_paid_content":false,"footnotes":""},"categories":[1],"tags":[],"class_list":["post-9328","post","type-post","status-publish","format-standard","has-post-thumbnail","hentry","category-blog"],"blocksy_meta":[],"jetpack_featured_media_url":"https:\/\/aguilasalporvenir.com\/wp-content\/uploads\/2026\/04\/IMG_0064.jpeg","jetpack_shortlink":"https:\/\/wp.me\/pfR71O-2qs","jetpack_sharing_enabled":true,"_links":{"self":[{"href":"https:\/\/aguilasalporvenir.com\/index.php\/wp-json\/wp\/v2\/posts\/9328"}],"collection":[{"href":"https:\/\/aguilasalporvenir.com\/index.php\/wp-json\/wp\/v2\/posts"}],"about":[{"href":"https:\/\/aguilasalporvenir.com\/index.php\/wp-json\/wp\/v2\/types\/post"}],"author":[{"embeddable":true,"href":"https:\/\/aguilasalporvenir.com\/index.php\/wp-json\/wp\/v2\/users\/1"}],"replies":[{"embeddable":true,"href":"https:\/\/aguilasalporvenir.com\/index.php\/wp-json\/wp\/v2\/comments?post=9328"}],"version-history":[{"count":1,"href":"https:\/\/aguilasalporvenir.com\/index.php\/wp-json\/wp\/v2\/posts\/9328\/revisions"}],"predecessor-version":[{"id":9330,"href":"https:\/\/aguilasalporvenir.com\/index.php\/wp-json\/wp\/v2\/posts\/9328\/revisions\/9330"}],"wp:featuredmedia":[{"embeddable":true,"href":"https:\/\/aguilasalporvenir.com\/index.php\/wp-json\/wp\/v2\/media\/9329"}],"wp:attachment":[{"href":"https:\/\/aguilasalporvenir.com\/index.php\/wp-json\/wp\/v2\/media?parent=9328"}],"wp:term":[{"taxonomy":"category","embeddable":true,"href":"https:\/\/aguilasalporvenir.com\/index.php\/wp-json\/wp\/v2\/categories?post=9328"},{"taxonomy":"post_tag","embeddable":true,"href":"https:\/\/aguilasalporvenir.com\/index.php\/wp-json\/wp\/v2\/tags?post=9328"}],"curies":[{"name":"wp","href":"https:\/\/api.w.org\/{rel}","templated":true}]}}