{"id":9436,"date":"2026-04-30T08:50:27","date_gmt":"2026-04-30T14:50:27","guid":{"rendered":"https:\/\/aguilasalporvenir.com\/?p=9436"},"modified":"2026-04-30T08:50:27","modified_gmt":"2026-04-30T14:50:27","slug":"realiza-hrae-centenario-de-la-revolucion-mexicana-del-issste-exitosa-neurocirugia-a-nino-de-7-anos","status":"publish","type":"post","link":"https:\/\/aguilasalporvenir.com\/index.php\/2026\/04\/30\/realiza-hrae-centenario-de-la-revolucion-mexicana-del-issste-exitosa-neurocirugia-a-nino-de-7-anos\/","title":{"rendered":"Realiza HRAE \u201cCentenario de la Revoluci\u00f3n Mexicana\u201d del ISSSTE exitosa neurocirug\u00eda a ni\u00f1o de 7 a\u00f1os"},"content":{"rendered":"<h2>\u25cf Tras ser diagnosticado con m\u00faltiples fracturas en el cr\u00e1neo, el menor fue sometido a una cirug\u00eda de emergencia llamada craniectom\u00eda descompresiva, tras la cual recuper\u00f3 funciones vitales.<\/h2>\n<p>\u25cf\u00a0\u00a0 La intervenci\u00f3n tuvo una duraci\u00f3n aproximada de dos horas y media, y particip\u00f3 personal m\u00e9dico multidisciplinario, as\u00ed como enfermeras, enfermeros y camilleros, quienes le brindaron los respectivos cuidados postoperatorios en la Unidad de Terapia Intensiva Pedi\u00e1trica<\/p>\n<p>El equipo m\u00e9dico del servicio de Neurocirug\u00eda del Hospital Regional de Alta Especialidad (HRAE) \u201cCentenario de la Revoluci\u00f3n Mexicana\u201d en Morelos, adscrito al Instituto de Seguridad y Servicios Sociales de los Trabajadores del Estado (ISSSTE), que encabeza el director general Mart\u00ed Batres Guadarrama, realiz\u00f3 una neurocirug\u00eda de emergencia a un ni\u00f1o de 7 a\u00f1os, la cual consisti\u00f3 en liberar la presi\u00f3n que existe en el cerebro, a trav\u00e9s de incisiones en la cabeza.<\/p>\n<p>El neurocirujano Carlos Elhi\u00fa Villafuerte Cervantes, adscrito a esta sede m\u00e9dica, report\u00f3 que el menor fue diagnosticado con m\u00faltiples fracturas en el cr\u00e1neo, por lo que en marzo se le practic\u00f3 este procedimiento.<\/p>\n<p>\u201cSe mantuvo 13 d\u00edas en terapia intensiva con manejo din\u00e1mico a sus complicaciones, por el personal del \u00e1rea neurocirug\u00eda y neurolog\u00eda pedi\u00e1trica\u201d, se\u00f1al\u00f3.<\/p>\n<p>La intervenci\u00f3n, inform\u00f3, tuvo una duraci\u00f3n aproximada de dos horas y media, y particip\u00f3 personal m\u00e9dico multidisciplinario, as\u00ed como enfermeras, enfermeros y camilleros, quienes le brindaron los respectivos cuidados postoperatorios en la Unidad de Terapia Intensiva Pedi\u00e1trica.<\/p>\n<p>Finalmente, Villafuerte Cervantes destac\u00f3 que la salud del ni\u00f1o mejor\u00f3 considerablemente y 15 d\u00edas despu\u00e9s recuper\u00f3 funciones vitales, como el habla y la capacidad de alimentarse por s\u00ed solo, por lo que fue dado de alta en abril con seguimiento m\u00e9dico.<\/p>\n<p>\u201cGracias a la rehabilitaci\u00f3n, se ha recuperado sorprendentemente: ya habla, contesta oraciones completas, come y juega en su cama\u201d, expres\u00f3.<\/p>\n<p>En el Segundo Piso de la Cuarta Transformaci\u00f3n, que encabeza la Presidenta Claudia Sheinbaum Pardo, el ISSSTE refrenda el compromiso de brindar atenci\u00f3n m\u00e9dica oportuna a la derechohabiencia y sus familiares.<\/p>\n","protected":false},"excerpt":{"rendered":"<p>\u25cf Tras ser diagnosticado con m\u00faltiples fracturas en el cr\u00e1neo, el menor fue sometido a una cirug\u00eda de emergencia llamada craniectom\u00eda descompresiva, tras la cual recuper\u00f3 funciones vitales. \u25cf\u00a0\u00a0 La intervenci\u00f3n tuvo una duraci\u00f3n aproximada de dos horas y media, y particip\u00f3 personal m\u00e9dico multidisciplinario, as\u00ed como enfermeras, enfermeros y camilleros, quienes le brindaron los [&hellip;]<\/p>\n","protected":false},"author":1,"featured_media":9437,"comment_status":"open","ping_status":"open","sticky":false,"template":"","format":"standard","meta":{"_jetpack_memberships_contains_paid_content":false,"footnotes":""},"categories":[1],"tags":[],"class_list":["post-9436","post","type-post","status-publish","format-standard","has-post-thumbnail","hentry","category-blog"],"blocksy_meta":[],"jetpack_featured_media_url":"https:\/\/aguilasalporvenir.com\/wp-content\/uploads\/2026\/04\/IMG_0220.png","jetpack_shortlink":"https:\/\/wp.me\/pfR71O-2sc","jetpack_sharing_enabled":true,"_links":{"self":[{"href":"https:\/\/aguilasalporvenir.com\/index.php\/wp-json\/wp\/v2\/posts\/9436"}],"collection":[{"href":"https:\/\/aguilasalporvenir.com\/index.php\/wp-json\/wp\/v2\/posts"}],"about":[{"href":"https:\/\/aguilasalporvenir.com\/index.php\/wp-json\/wp\/v2\/types\/post"}],"author":[{"embeddable":true,"href":"https:\/\/aguilasalporvenir.com\/index.php\/wp-json\/wp\/v2\/users\/1"}],"replies":[{"embeddable":true,"href":"https:\/\/aguilasalporvenir.com\/index.php\/wp-json\/wp\/v2\/comments?post=9436"}],"version-history":[{"count":1,"href":"https:\/\/aguilasalporvenir.com\/index.php\/wp-json\/wp\/v2\/posts\/9436\/revisions"}],"predecessor-version":[{"id":9438,"href":"https:\/\/aguilasalporvenir.com\/index.php\/wp-json\/wp\/v2\/posts\/9436\/revisions\/9438"}],"wp:featuredmedia":[{"embeddable":true,"href":"https:\/\/aguilasalporvenir.com\/index.php\/wp-json\/wp\/v2\/media\/9437"}],"wp:attachment":[{"href":"https:\/\/aguilasalporvenir.com\/index.php\/wp-json\/wp\/v2\/media?parent=9436"}],"wp:term":[{"taxonomy":"category","embeddable":true,"href":"https:\/\/aguilasalporvenir.com\/index.php\/wp-json\/wp\/v2\/categories?post=9436"},{"taxonomy":"post_tag","embeddable":true,"href":"https:\/\/aguilasalporvenir.com\/index.php\/wp-json\/wp\/v2\/tags?post=9436"}],"curies":[{"name":"wp","href":"https:\/\/api.w.org\/{rel}","templated":true}]}}