{"id":9457,"date":"2026-05-01T08:35:00","date_gmt":"2026-05-01T14:35:00","guid":{"rendered":"https:\/\/aguilasalporvenir.com\/?p=9457"},"modified":"2026-05-01T08:35:00","modified_gmt":"2026-05-01T14:35:00","slug":"con-implante-de-marcapasos-en-el-cmn-20-de-noviembre-issste-salva-la-vida-de-recien-nacida","status":"publish","type":"post","link":"https:\/\/aguilasalporvenir.com\/index.php\/2026\/05\/01\/con-implante-de-marcapasos-en-el-cmn-20-de-noviembre-issste-salva-la-vida-de-recien-nacida\/","title":{"rendered":"Con implante de marcapasos en el CMN \u201c20 de Noviembre\u201d, ISSSTE salva la vida de reci\u00e9n nacida"},"content":{"rendered":"<h2>\u25cf En el D\u00eda de la Ni\u00f1a y el Ni\u00f1o, el director general del ISSSTE, Mart\u00ed Batres, reconoci\u00f3 al equipo m\u00e9dico que detect\u00f3 una anomal\u00eda cardiaca en una beb\u00e9 al inicio del octavo mes de gestaci\u00f3n, lo que permiti\u00f3 realizar una ces\u00e1rea oportuna a la madre originaria de Puebla<\/h2>\n<p>\u25cf\u00a0\u00a0 Posteriormente, a los 15 d\u00edas de nacida, se llev\u00f3 a cabo el procedimiento de alta especialidad que consisti\u00f3 en la colocaci\u00f3n de un marcapasos de 14.5 gramos para regular su frecuencia cardiaca<\/p>\n<p>\u25cf\u00a0\u00a0 En todo momento se brind\u00f3 atenci\u00f3n integral a la familia, mediante acompa\u00f1amiento y alojamiento en la Estancia Temporal a Pacientes de los Estados; el 25 de abril la reci\u00e9n nacida fue dada de alta y se facilit\u00f3 su traslado para garantizar su bienestar<\/p>\n<p>En el D\u00eda de la Ni\u00f1a y el Ni\u00f1o, el director general del Instituto de Seguridad y Servicios Sociales de los Trabajadores del Estado (ISSSTE), Mart\u00ed Batres Guadarrama, reconoci\u00f3 la intervenci\u00f3n del equipo multidisciplinario del Centro M\u00e9dico Nacional (CMN) \u201c20 de Noviembre\u201d, para salvar la vida de una beb\u00e9 mediante la colocaci\u00f3n de un marcapasos a los 15 d\u00edas de nacida.<\/p>\n<p>\u201cNuestra derechohabiencia m\u00e1s peque\u00f1a es una prioridad en el @ISSSTE_mx. Trabajamos para brindarles servicios de salud, cuidados, rehabilitaci\u00f3n, educaci\u00f3n, alimentaci\u00f3n y esparcimiento. Con ello promovemos un futuro m\u00e1s pr\u00f3spero desde la infancia. \u00a1Feliz d\u00eda del ni\u00f1o y la ni\u00f1a!\u201d, expres\u00f3 en sus redes sociales.<\/p>\n<p>El jefe de la Divisi\u00f3n de Cardiocirug\u00eda del CMN, Rogelio Robledo Nolasco, inform\u00f3 que, durante el octavo mes de embarazo de la madre, el equipo de neonat\u00f3logos del hospital detect\u00f3 una baja frecuencia card\u00edaca en la menor, por lo que se program\u00f3 un parto por ces\u00e1rea para, posteriormente, realizar la implantaci\u00f3n del marcapasos con el fin de regular su ritmo cardiaco.<\/p>\n<p>\u201cSe detect\u00f3 que la beb\u00e9 ten\u00eda una anomal\u00eda del coraz\u00f3n, su coraz\u00f3n era muy lento. Tuvo que ser extra\u00edda a las 35 semanas de gestaci\u00f3n para implantar un marcapasos definitivo. La mam\u00e1 no tuvo ning\u00fan problema, evolucion\u00f3 de la ces\u00e1rea, se dio de alta a los dos o tres d\u00edas\u201d, coment\u00f3.<\/p>\n<p>El especialista, nominado en 2025 al Premio Nacional de Ciencias, se\u00f1al\u00f3 que un equipo multidisciplinario integrado por ecocardiografistas, neonat\u00f3logos, cardi\u00f3logos, electrofisi\u00f3logos y ginec\u00f3logos, fue indispensable para llevar a cabo la colocaci\u00f3n del marcapasos de 14.5 gramos, equivalente a la mitad del peso de un dispositivo utilizado en personas adultas.<\/p>\n<p>Para asegurar un adecuado funcionamiento del coraz\u00f3n de la peque\u00f1a, se hizo uso de la infraestructura, el equipamiento y los insumos del hospital, entre ellos la sala de hemodinamia, un angi\u00f3grafo y un sistema especializado de ultrasonido. Luego de un periodo de hospitalizaci\u00f3n en el que present\u00f3 evoluci\u00f3n favorable, la beb\u00e9 fue dada de alta el pasado viernes 24 de abril.<\/p>\n<p>\u201cLa beb\u00e9 va a crecer de forma normal. Su desarrollo va a ser como cualquier ni\u00f1o. Sus pap\u00e1s est\u00e1n contentos por esto. Nuestro Instituto tiene la capacidad de resolver los problemas m\u00e1s complejos o dif\u00edciles\u201d, coment\u00f3 el cardiocirujano.<\/p>\n<p>Durante todo el proceso, el ISSSTE brind\u00f3 atenci\u00f3n integral a los padres mediante acompa\u00f1amiento y alojamiento en la Estancia Temporal a Pacientes de los Estados; asimismo, se inform\u00f3 sobre el seguimiento cl\u00ednico que deber\u00e1 tener la menor y, al momento del alta, se facilit\u00f3 el traslado de la beb\u00e9 junto con su madre, quien reconoci\u00f3 la labor m\u00e9dica.<\/p>\n<p>\u201cEl d\u00eda de hoy, viernes 24 de abril de 2026, me llevo sana a mi hija al municipio de Yaon\u00e1huac, Puebla. Agradezco al hospital y a todos los doctores que hicieron posible la colocaci\u00f3n del marcapasos, gracias a ellos es que hoy tiene una esperanza de vida\u201d, expres\u00f3.<\/p>\n<p>Por su parte, el jefe del Servicio de Cardiolog\u00eda Pedi\u00e1trica del Centro M\u00e9dico Nacional, Humberto Garc\u00eda Aguilar, precis\u00f3 que la colocaci\u00f3n de marcapasos en etapa neonatal es un procedimiento poco frecuente; no obstante, el hospital cuenta con personal m\u00e9dico altamente capacitado y con experiencia que actu\u00f3 de manera oportuna.<\/p>\n<p>\u201cEn los \u00faltimos 25 a\u00f1os nuestro Centro lleva aproximadamente 30 pacientes tratados en la etapa de reci\u00e9n nacido, entonces sabemos que el tener un equipo preparado con todas las especialidades es fundamental\u201d, indic\u00f3.<\/p>\n<p>Finalmente, la directora del CMN \u201c20 de Noviembre\u201d, Lecsy Macedo Calvillo, resalt\u00f3 que casos como este demuestran la capacidad resolutiva con que cuenta el nosocomio a su cargo.<\/p>\n<p>\u201cEsto coloca al Centro M\u00e9dico Nacional a la vanguardia por permitir otorgar, desde el principio de la vida, tratamientos de alta especialidad\u201d, subray\u00f3.<\/p>\n<p>En el Segundo Piso de la Cuarta Transformaci\u00f3n, que lidera la Presidenta Claudia Sheinbaum Pardo, el ISSSTE refrenda su compromiso de otorgar una atenci\u00f3n digna, oportuna y de calidad, a fin de contribuir al bienestar de la poblaci\u00f3n derechohabiente.<\/p>\n","protected":false},"excerpt":{"rendered":"<p>\u25cf En el D\u00eda de la Ni\u00f1a y el Ni\u00f1o, el director general del ISSSTE, Mart\u00ed Batres, reconoci\u00f3 al equipo m\u00e9dico que detect\u00f3 una anomal\u00eda cardiaca en una beb\u00e9 al inicio del octavo mes de gestaci\u00f3n, lo que permiti\u00f3 realizar una ces\u00e1rea oportuna a la madre originaria de Puebla \u25cf\u00a0\u00a0 Posteriormente, a los 15 d\u00edas [&hellip;]<\/p>\n","protected":false},"author":1,"featured_media":9458,"comment_status":"open","ping_status":"open","sticky":false,"template":"","format":"standard","meta":{"_jetpack_memberships_contains_paid_content":false,"footnotes":""},"categories":[1],"tags":[],"class_list":["post-9457","post","type-post","status-publish","format-standard","has-post-thumbnail","hentry","category-blog"],"blocksy_meta":[],"jetpack_featured_media_url":"https:\/\/aguilasalporvenir.com\/wp-content\/uploads\/2026\/05\/IMG_0243.jpeg","jetpack_shortlink":"https:\/\/wp.me\/pfR71O-2sx","jetpack_sharing_enabled":true,"_links":{"self":[{"href":"https:\/\/aguilasalporvenir.com\/index.php\/wp-json\/wp\/v2\/posts\/9457"}],"collection":[{"href":"https:\/\/aguilasalporvenir.com\/index.php\/wp-json\/wp\/v2\/posts"}],"about":[{"href":"https:\/\/aguilasalporvenir.com\/index.php\/wp-json\/wp\/v2\/types\/post"}],"author":[{"embeddable":true,"href":"https:\/\/aguilasalporvenir.com\/index.php\/wp-json\/wp\/v2\/users\/1"}],"replies":[{"embeddable":true,"href":"https:\/\/aguilasalporvenir.com\/index.php\/wp-json\/wp\/v2\/comments?post=9457"}],"version-history":[{"count":1,"href":"https:\/\/aguilasalporvenir.com\/index.php\/wp-json\/wp\/v2\/posts\/9457\/revisions"}],"predecessor-version":[{"id":9459,"href":"https:\/\/aguilasalporvenir.com\/index.php\/wp-json\/wp\/v2\/posts\/9457\/revisions\/9459"}],"wp:featuredmedia":[{"embeddable":true,"href":"https:\/\/aguilasalporvenir.com\/index.php\/wp-json\/wp\/v2\/media\/9458"}],"wp:attachment":[{"href":"https:\/\/aguilasalporvenir.com\/index.php\/wp-json\/wp\/v2\/media?parent=9457"}],"wp:term":[{"taxonomy":"category","embeddable":true,"href":"https:\/\/aguilasalporvenir.com\/index.php\/wp-json\/wp\/v2\/categories?post=9457"},{"taxonomy":"post_tag","embeddable":true,"href":"https:\/\/aguilasalporvenir.com\/index.php\/wp-json\/wp\/v2\/tags?post=9457"}],"curies":[{"name":"wp","href":"https:\/\/api.w.org\/{rel}","templated":true}]}}